

{"id":130,"date":"2020-06-21T18:54:23","date_gmt":"2020-06-21T18:54:23","guid":{"rendered":"https:\/\/kjemi.no\/organisk\/?p=130"},"modified":"2020-06-21T18:57:16","modified_gmt":"2020-06-21T18:57:16","slug":"uttalelse-om-inkludering","status":"publish","type":"post","link":"https:\/\/kjemi.no\/organisk\/2020\/uttalelse-om-inkludering\/","title":{"rendered":"Uttalelse om inkludering og mangfold innen kjemi"},"content":{"rendered":"\n<p>Dessverre er det fortsatt slik at sexisme, rasisme, diskriminering av LHBTQ+ personer og forskjellsbehandling er et problem innen det kjemiske fagomr\u00e5det og ogs\u00e5 innen vitenskap generelt. Som kjemikere har vi alle et ansvar for utviklingen av et inkluderende faglig fellesskap, og det er etter v\u00e5rt syn uholdbart at utdaterte, krenkende og diskriminerende holdninger til studenter og kolleger fortsatt finnes innen v\u00e5rt fagfelt.<br>Vi mener i likhet med mange andre at mangfold og likestilling er en styrke for v\u00e5rt fagmilj\u00f8, noe forskning ogs\u00e5 tydelig viser. Som faggruppe har vi sammen med alle kjemikere etter v\u00e5r mening en moralsk forpliktelse til \u00e5 jobbe for at bevisst og ubevisst forskjellsbehandling og diskriminering ikke foreg\u00e5r p\u00e5 v\u00e5re arbeidsplasser og i v\u00e5rt fagmilj\u00f8.<\/p>\n\n\n\n<p>Styret<br>Faggruppe for Organisk Kjemi<\/p>\n","protected":false},"excerpt":{"rendered":"<p>Dessverre er det fortsatt slik at sexisme, rasisme, diskriminering av LHBTQ+ personer og forskjellsbehandling er et problem innen det kjemiske fagomr\u00e5det og ogs\u00e5 innen vitenskap generelt. Som kjemikere har vi alle et ansvar for utviklingen av et inkluderende faglig fellesskap, og det er etter v\u00e5rt syn uholdbart at utdaterte, krenkende og diskriminerende holdninger til studenter &#8230; <a title=\"Uttalelse om inkludering og mangfold innen kjemi\" class=\"read-more\" href=\"https:\/\/kjemi.no\/organisk\/2020\/uttalelse-om-inkludering\/\" aria-label=\"Read more about Uttalelse om inkludering og mangfold innen kjemi\">Les mer<\/a><\/p>\n","protected":false},"author":1,"featured_media":0,"comment_status":"closed","ping_status":"open","sticky":false,"template":"","format":"standard","meta":{"footnotes":""},"categories":[5],"tags":[],"class_list":["post-130","post","type-post","status-publish","format-standard","hentry","category-om-fagruppen"],"_links":{"self":[{"href":"https:\/\/kjemi.no\/organisk\/wp-json\/wp\/v2\/posts\/130","targetHints":{"allow":["GET"]}}],"collection":[{"href":"https:\/\/kjemi.no\/organisk\/wp-json\/wp\/v2\/posts"}],"about":[{"href":"https:\/\/kjemi.no\/organisk\/wp-json\/wp\/v2\/types\/post"}],"author":[{"embeddable":true,"href":"https:\/\/kjemi.no\/organisk\/wp-json\/wp\/v2\/users\/1"}],"replies":[{"embeddable":true,"href":"https:\/\/kjemi.no\/organisk\/wp-json\/wp\/v2\/comments?post=130"}],"version-history":[{"count":2,"href":"https:\/\/kjemi.no\/organisk\/wp-json\/wp\/v2\/posts\/130\/revisions"}],"predecessor-version":[{"id":132,"href":"https:\/\/kjemi.no\/organisk\/wp-json\/wp\/v2\/posts\/130\/revisions\/132"}],"wp:attachment":[{"href":"https:\/\/kjemi.no\/organisk\/wp-json\/wp\/v2\/media?parent=130"}],"wp:term":[{"taxonomy":"category","embeddable":true,"href":"https:\/\/kjemi.no\/organisk\/wp-json\/wp\/v2\/categories?post=130"},{"taxonomy":"post_tag","embeddable":true,"href":"https:\/\/kjemi.no\/organisk\/wp-json\/wp\/v2\/tags?post=130"}],"curies":[{"name":"wp","href":"https:\/\/api.w.org\/{rel}","templated":true}]}}