

{"id":197,"date":"2022-12-20T16:37:32","date_gmt":"2022-12-20T16:37:32","guid":{"rendered":"https:\/\/kjemi.no\/historie\/?p=197"},"modified":"2023-10-26T16:48:29","modified_gmt":"2023-10-26T16:48:29","slug":"arsmote-med-besok-pa-munchmuseet","status":"publish","type":"post","link":"https:\/\/kjemi.no\/historie\/2022\/arsmote-med-besok-pa-munchmuseet\/","title":{"rendered":"\u00c5rsm\u00f8te med bes\u00f8k p\u00e5 Munchmuseet"},"content":{"rendered":"<p>Takket v\u00e6re gode kontakter fikk vi holde \u00e5rsm\u00f8tet i faggruppen bak \u00absyv d\u00f8rer\u00bb i ansattarealet p\u00e5 Munch-museet, og etter \u00e5rsm\u00f8tet var det faglig program knyttet til samlingene p\u00e5 MUNCH. Om lag 25 medlemmer av faggruppen og\/eller Oslo avdeling av NKS deltok p\u00e5 m\u00f8tet, som fant sted 18. januar 2023.<\/p>\n<p>Det faglige programmet bestod av to foredrag. Det f\u00f8rste ble holdt av konserveringsforsker Irina Sandu som er kjemiker ved Munch-museet. Konserveringsforskningen ved museet er knyttet til kunstobjekter, malerier, tegninger og trykk og tar ogs\u00e5 i bruk b\u00f8ker, utstillingskataloger og Munchs private korrespondanse i sine studier. Forskerne unders\u00f8ker blant annet hva som skjer n\u00e5r malingen blir eksponering for lys og utsatt for fuktighet og andre klimatiske og biologiske faktorer. Forskningen Sandu og hennes nettverk er involvert i handler ogs\u00e5 om \u00e5 kartlegge og dokumentere opprinnelsen til og den kjemiske sammensetningen av materialene Munch brukte. \u00c5 kjenne til dette er av sentral betydning for det tekniske kunsthistoriefeltet og konserveringsfaget.<\/p>\n<p>Fargetuber og andre materialer var ogs\u00e5 temaet for det andre foredraget, som ble holdt av kjemiker og forsker p\u00e5 konserveringsvitenskap ved Kulturhistorisk museum Hartmut Kutzke. Kutzke fortalte at forskerne gjerne har tre innganger til studier av materialer kunstnere som Munch brukte: 1) kjemiske analyser, blant annet bestr\u00e5ling ved European Synchrotron Radiation Facility (ESRF) i Grenoble, 2) studier av skriftlige kilder med p\u00e5f\u00f8lgende reproduksjon etter gamle oppskrifter, og 3) studier av pigmentpr\u00f8ver. Kutzke viste flere eksempler p\u00e5 hvordan kjemihistorisk forskning og kjemiske analyser utfyller hverandre i konserveringsvitenskapen.<\/p>\n<p>Bes\u00f8ket ble avsluttet med omvisning i konserverings- og analyselaboratoriene, der vi fikk se flere av arbeider av Munch med synlige skader p\u00e5 n\u00e6rt hold. Her fikk vi innblikk i hvordan konservatorer og konserveringsforskere arbeider for \u00e5 studere og utbedre skader. Etter omvisningen bes\u00f8kte en stor del av gruppen selve museet, noen for f\u00f8rste gang.<\/p>\n<p><img loading=\"lazy\" decoding=\"async\" class=\"alignnone size-medium wp-image-207\" src=\"https:\/\/kjemi.no\/historie\/wp-content\/uploads\/sites\/6\/2022\/12\/Reduced_20230118_133129-300x225.jpg\" alt=\"\" width=\"300\" height=\"225\" srcset=\"https:\/\/kjemi.no\/historie\/wp-content\/uploads\/sites\/6\/2022\/12\/Reduced_20230118_133129-300x225.jpg 300w, https:\/\/kjemi.no\/historie\/wp-content\/uploads\/sites\/6\/2022\/12\/Reduced_20230118_133129-1024x768.jpg 1024w, https:\/\/kjemi.no\/historie\/wp-content\/uploads\/sites\/6\/2022\/12\/Reduced_20230118_133129-768x576.jpg 768w, https:\/\/kjemi.no\/historie\/wp-content\/uploads\/sites\/6\/2022\/12\/Reduced_20230118_133129.jpg 1200w\" sizes=\"auto, (max-width: 300px) 100vw, 300px\" \/><img loading=\"lazy\" decoding=\"async\" class=\"alignnone size-medium wp-image-208\" src=\"https:\/\/kjemi.no\/historie\/wp-content\/uploads\/sites\/6\/2022\/12\/325960599_690761149368732_7663649155276273379_n-300x225.jpg\" alt=\"\" width=\"300\" height=\"225\" srcset=\"https:\/\/kjemi.no\/historie\/wp-content\/uploads\/sites\/6\/2022\/12\/325960599_690761149368732_7663649155276273379_n-300x225.jpg 300w, https:\/\/kjemi.no\/historie\/wp-content\/uploads\/sites\/6\/2022\/12\/325960599_690761149368732_7663649155276273379_n-1024x768.jpg 1024w, https:\/\/kjemi.no\/historie\/wp-content\/uploads\/sites\/6\/2022\/12\/325960599_690761149368732_7663649155276273379_n-768x576.jpg 768w, https:\/\/kjemi.no\/historie\/wp-content\/uploads\/sites\/6\/2022\/12\/325960599_690761149368732_7663649155276273379_n-1536x1152.jpg 1536w, https:\/\/kjemi.no\/historie\/wp-content\/uploads\/sites\/6\/2022\/12\/325960599_690761149368732_7663649155276273379_n.jpg 2048w\" sizes=\"auto, (max-width: 300px) 100vw, 300px\" \/><\/p>\n<p>Sammendrag av foredragene:<\/p>\n<p><strong>Irin Sandu<\/strong>, conservation scientist at MUNCH, is going to present the scientific research in the conservation sections since 2016, when she arrived at the museum. The original artist materials collection and also the collection of paintings have received a particular attention over the years, through scientific and multidisciplinary studies. The projects that have been developed, some of them with external funding (form EU or other international bodies), focused on the study of materials and techniques, the phenomena of degradation and deterioration of paint materials and testing and validating new solutions for active\/curative conservation. She will present several case studies among those investigated with chemical-physical methods and tools (microscopy, spectroscopy, chromatography, diffraction etc.).<\/p>\n<p class=\"Brdtekst\"><strong>Harmut Kutzke,\u00a0<\/strong>f\u00f8rsteamanuensis ved Kulturhistorisk museum<\/p>\n<p class=\"Brdtekst\">History of chemistry &#8211; and of chemical technology in particular &#8211; provides essential background information for studying technical aspects of our cultural heritage and for developing suitable preservation strategies. The Munch Museum houses ca 1000 colour tubes, palettes and other artistic materials from Edvard Munch\u2019s possession. Samples from selected tubes and palettes have been analysed and the results were linked to contemporary technical literature and journal articles. The presentation will demonstrate the importance of combining analytical lab work with studies of historical sources in order to deepen our knowledge of artistic materials from the 19th\/early 20th century, and how this knowledge helps to address questions of dating and origin of the materials.<\/p>\n","protected":false},"excerpt":{"rendered":"<p>Takket v\u00e6re gode kontakter fikk vi holde \u00e5rsm\u00f8tet i faggruppen bak \u00absyv d\u00f8rer\u00bb i ansattarealet p\u00e5 Munch-museet, og etter \u00e5rsm\u00f8tet var det faglig program knyttet til samlingene p\u00e5 MUNCH. Om lag 25 medlemmer av faggruppen og\/eller Oslo avdeling av NKS deltok p\u00e5 m\u00f8tet, som fant sted 18. januar 2023. Det faglige programmet bestod av to &#8230; <a title=\"\u00c5rsm\u00f8te med bes\u00f8k p\u00e5 Munchmuseet\" class=\"read-more\" href=\"https:\/\/kjemi.no\/historie\/2022\/arsmote-med-besok-pa-munchmuseet\/\" aria-label=\"Read more about \u00c5rsm\u00f8te med bes\u00f8k p\u00e5 Munchmuseet\">Les mer<\/a><\/p>\n","protected":false},"author":6,"featured_media":0,"comment_status":"closed","ping_status":"closed","sticky":false,"template":"","format":"standard","meta":{"footnotes":""},"categories":[1],"tags":[],"class_list":["post-197","post","type-post","status-publish","format-standard","hentry","category-uncategorized"],"_links":{"self":[{"href":"https:\/\/kjemi.no\/historie\/wp-json\/wp\/v2\/posts\/197","targetHints":{"allow":["GET"]}}],"collection":[{"href":"https:\/\/kjemi.no\/historie\/wp-json\/wp\/v2\/posts"}],"about":[{"href":"https:\/\/kjemi.no\/historie\/wp-json\/wp\/v2\/types\/post"}],"author":[{"embeddable":true,"href":"https:\/\/kjemi.no\/historie\/wp-json\/wp\/v2\/users\/6"}],"replies":[{"embeddable":true,"href":"https:\/\/kjemi.no\/historie\/wp-json\/wp\/v2\/comments?post=197"}],"version-history":[{"count":9,"href":"https:\/\/kjemi.no\/historie\/wp-json\/wp\/v2\/posts\/197\/revisions"}],"predecessor-version":[{"id":225,"href":"https:\/\/kjemi.no\/historie\/wp-json\/wp\/v2\/posts\/197\/revisions\/225"}],"wp:attachment":[{"href":"https:\/\/kjemi.no\/historie\/wp-json\/wp\/v2\/media?parent=197"}],"wp:term":[{"taxonomy":"category","embeddable":true,"href":"https:\/\/kjemi.no\/historie\/wp-json\/wp\/v2\/categories?post=197"},{"taxonomy":"post_tag","embeddable":true,"href":"https:\/\/kjemi.no\/historie\/wp-json\/wp\/v2\/tags?post=197"}],"curies":[{"name":"wp","href":"https:\/\/api.w.org\/{rel}","templated":true}]}}