

{"id":283,"date":"2026-02-19T11:47:50","date_gmt":"2026-02-19T10:47:50","guid":{"rendered":"https:\/\/kjemi.no\/bergen\/?p=283"},"modified":"2026-02-19T11:47:50","modified_gmt":"2026-02-19T10:47:50","slug":"torsdag-29-januar-kl-1900","status":"publish","type":"post","link":"https:\/\/kjemi.no\/bergen\/2026\/torsdag-29-januar-kl-1900\/","title":{"rendered":"Torsdag 29. januar kl. 19:00"},"content":{"rendered":"<p><strong>F\u00f8r foredraget holdes det et kort \u00e5rsm\u00f8te.<br \/>\n<\/strong><strong>Foredragsholder:<\/strong>\u00a0Sjefsradiokjemikar Tom Adamsen, PET-seneteret, Haukeland<br \/>\n<strong>Tema:\u00a0<\/strong><em>Nye radionuklider i teranostikk<br \/>\nSted: Rom 3069, Kjemisk institutt, Universitetet i Bergen<br \/>\n<\/em><span data-olk-copy-source=\"MessageBody\">Teranostikk forener diagnostikk og behandling i ett og samme medisinske konsept, der radionuklider fungerer b\u00e5de som \u00ab\u00f8yne\u00bb og \u00abv\u00e5pen\u00bb mot sykdom. I dette foredraget gir jeg en introduksjon til nye og fremvoksende radionuklider som kan forbedre b\u00e5de bilde\u00adkvalitet og terapeutisk effekt. Vi ser p\u00e5 hvorfor valget av radionuklide er avgj\u00f8rende, og hvordan sm\u00e5 forskjeller i nukle\u00e6re egenskaper kan f\u00e5 store biologiske konsekvenser. Kjemi, fysikk og medisin m\u00f8tes i utviklingen av mer presis og sk\u00e5nsom kreftbehandling, og nye radionuklider \u00e5pner for helt nye muligheter innen moderne persontilpasset medisin.<\/span><\/p>\n","protected":false},"excerpt":{"rendered":"<p>F\u00f8r foredraget holdes det et kort \u00e5rsm\u00f8te. Foredragsholder:\u00a0Sjefsradiokjemikar Tom Adamsen, PET-seneteret, Haukeland Tema:\u00a0Nye radionuklider i teranostikk Sted: Rom 3069, Kjemisk institutt, Universitetet i Bergen Teranostikk forener diagnostikk og behandling i ett og samme medisinske konsept, der radionuklider fungerer b\u00e5de som \u00ab\u00f8yne\u00bb og \u00abv\u00e5pen\u00bb mot sykdom. I dette foredraget gir jeg en introduksjon til nye og &#8230; <a title=\"Torsdag 29. januar kl. 19:00\" class=\"read-more\" href=\"https:\/\/kjemi.no\/bergen\/2026\/torsdag-29-januar-kl-1900\/\" aria-label=\"Read more about Torsdag 29. januar kl. 19:00\">Les mer<\/a><\/p>\n","protected":false},"author":13,"featured_media":0,"comment_status":"closed","ping_status":"closed","sticky":false,"template":"","format":"standard","meta":{"footnotes":""},"categories":[5],"tags":[],"class_list":["post-283","post","type-post","status-publish","format-standard","hentry","category-motearkiv"],"_links":{"self":[{"href":"https:\/\/kjemi.no\/bergen\/wp-json\/wp\/v2\/posts\/283","targetHints":{"allow":["GET"]}}],"collection":[{"href":"https:\/\/kjemi.no\/bergen\/wp-json\/wp\/v2\/posts"}],"about":[{"href":"https:\/\/kjemi.no\/bergen\/wp-json\/wp\/v2\/types\/post"}],"author":[{"embeddable":true,"href":"https:\/\/kjemi.no\/bergen\/wp-json\/wp\/v2\/users\/13"}],"replies":[{"embeddable":true,"href":"https:\/\/kjemi.no\/bergen\/wp-json\/wp\/v2\/comments?post=283"}],"version-history":[{"count":1,"href":"https:\/\/kjemi.no\/bergen\/wp-json\/wp\/v2\/posts\/283\/revisions"}],"predecessor-version":[{"id":284,"href":"https:\/\/kjemi.no\/bergen\/wp-json\/wp\/v2\/posts\/283\/revisions\/284"}],"wp:attachment":[{"href":"https:\/\/kjemi.no\/bergen\/wp-json\/wp\/v2\/media?parent=283"}],"wp:term":[{"taxonomy":"category","embeddable":true,"href":"https:\/\/kjemi.no\/bergen\/wp-json\/wp\/v2\/categories?post=283"},{"taxonomy":"post_tag","embeddable":true,"href":"https:\/\/kjemi.no\/bergen\/wp-json\/wp\/v2\/tags?post=283"}],"curies":[{"name":"wp","href":"https:\/\/api.w.org\/{rel}","templated":true}]}}